{"id":4269,"date":"2026-02-02T14:22:30","date_gmt":"2026-02-02T13:22:30","guid":{"rendered":"http:\/\/www.legumesdesjours.fr\/?p=4269"},"modified":"2026-02-02T14:22:30","modified_gmt":"2026-02-02T13:22:30","slug":"panier-de-legumes-bio-du-jeudi-5-fevrier-2026","status":"publish","type":"post","link":"http:\/\/www.legumesdesjours.fr\/?p=4269","title":{"rendered":"Panier de l\u00e9gumes bio du jeudi 5 f\u00e9vrier 2026"},"content":{"rendered":"\n<figure class=\"wp-block-image size-large\" id=\"block-488f403d-6571-442d-9179-cc97818e41e8\"><img loading=\"lazy\" decoding=\"async\" width=\"768\" height=\"1024\" src=\"http:\/\/www.legumesdesjours.fr\/wp-content\/uploads\/2026\/02\/2453e7c1-337b-4514-bb49-082427912ccc-768x1024.jpg\" alt=\"\" class=\"wp-image-4270\" srcset=\"http:\/\/www.legumesdesjours.fr\/wp-content\/uploads\/2026\/02\/2453e7c1-337b-4514-bb49-082427912ccc-768x1024.jpg 768w, http:\/\/www.legumesdesjours.fr\/wp-content\/uploads\/2026\/02\/2453e7c1-337b-4514-bb49-082427912ccc-225x300.jpg 225w, http:\/\/www.legumesdesjours.fr\/wp-content\/uploads\/2026\/02\/2453e7c1-337b-4514-bb49-082427912ccc-1152x1536.jpg 1152w, http:\/\/www.legumesdesjours.fr\/wp-content\/uploads\/2026\/02\/2453e7c1-337b-4514-bb49-082427912ccc.jpg 1512w\" sizes=\"(max-width: 768px) 100vw, 768px\" \/><\/figure>\n\n\n\n<p id=\"block-4e5260ed-e494-49f3-a79f-27161f9b2ff3\">Bonjour,<\/p>\n\n\n\n<p id=\"block-6a155cf8-9dc1-42c6-acd1-159433839d4b\">Voici le contenu des paniers de l\u00e9gumes bio de ce jeudi (les l\u00e9gumes \u00e0 peser par vos soins sont suivis par une *)&nbsp;:<\/p>\n\n\n\n<p id=\"block-d78a3c3f-be82-4419-b0a6-0a03aa57fa8e\">Petit panier \u00e0 13,50\u20ac :<\/p>\n\n\n\n<ul id=\"block-41d5167d-7e96-4d6e-8902-9e162d0de2ee\">\n<li>900 g de pomme de terre Allians*<\/li>\n\n\n\n<li>800 g de poireau<\/li>\n\n\n\n<li>800 g de patate douce<\/li>\n\n\n\n<li>800 g de carotte rainbow*<\/li>\n\n\n\n<li>2 radis blue candle<\/li>\n<\/ul>\n\n\n\n<p id=\"block-4a876742-acf4-4d2e-9d61-38048d37b5e1\">Grand panier \u00e0 23\u20ac :<\/p>\n\n\n\n<ul id=\"block-c7f4e746-aa5a-4b7a-bff0-6a70fd1ca7d9\">\n<li>1 kg de pomme de terre Allians*<\/li>\n\n\n\n<li>1 kg de poireau<\/li>\n\n\n\n<li>1 kg de patate douce<\/li>\n\n\n\n<li>1 kg de carotte rainbow*<\/li>\n\n\n\n<li>2 radis blue candle<\/li>\n\n\n\n<li>1 bouquet de roquette<\/li>\n\n\n\n<li>500 g d&rsquo;endive<\/li>\n<\/ul>\n\n\n\n<p id=\"block-3813b418-1068-42ce-ba5e-6690091df759\"><strong>Jusqu\u2019\u00e0 mercredi matin 7h30<\/strong>, vous pouvez compl\u00e9ter vos paniers avec les fruits et l\u00e9gumes de notre&nbsp;<a href=\"https:\/\/www.auxlegumescelestes.fr\/boutique\/\">boutique en ligne<\/a>&nbsp;: Carotte, poireau, patate douce, potimarron, butternut, orange, cl\u00e9mentine,&#8230;<\/p>\n\n\n\n<p>Ce d\u00e9but de semaine, r\u00e9colte de carottes rainbow au lever du jour, pour garnir vos paniers.<br>Les carottes, comme les poireaux, comptent parmi les rares l\u00e9gumes qui restent l&rsquo;hiver en plein champ et sont r\u00e9colt\u00e9s au fur et \u00e0 mesure des besoins.<\/p>\n\n\n\n<p>Ce matin, nous avons aussi re\u00e7u une livraison de fumier de volaille : il sera \u00e9pandu et enfoui dans les planches de plantation pour nourrir les l\u00e9gumes cultiv\u00e9s en 2026.<\/p>\n\n\n\n<p id=\"block-fc51c6b1-02ee-44a7-8591-ce31b14460cf\">En fonction des r\u00e9coltes et de la m\u00e9t\u00e9o, le&nbsp;<strong>panier peut \u00eatre modifi\u00e9 au dernier moment<\/strong>. Les l\u00e9gumes sont certifi\u00e9s agriculture biologique et proviennent de la ferme de G\u00e9rald C\u00e9leste et Romain Jerger :&nbsp;<a href=\"http:\/\/www.auxlegumescelestes.fr\/\">Aux L\u00e9gumes C\u00e9lestes<\/a>&nbsp;\u00e0 F\u00e9rolles (45).<\/p>\n\n\n\n<p id=\"block-207249aa-cecc-450d-848b-b03092565f07\">Pensez \u00e0 vous inscrire pour les pes\u00e9es chaque semaine, via le&nbsp;<a href=\"https:\/\/docs.google.com\/spreadsheets\/d\/1MF0QN6os0zZKQGmExd8ozafDsTtf-PCnxIxPN8RV_fw\/edit#gid=0\">planning<\/a>. Nous avons besoin de bras pour peser tous ces l\u00e9gumes ! Merci \u00e0 vous. Aussi, n\u2019oubliez pas de vous rendre sur la&nbsp;<a href=\"http:\/\/www.legumesdesjours.fr\/?page_id=638\">bourse aux paniers<\/a>&nbsp;si vous souhaitez r\u00e9cup\u00e9rer le panier d\u2019un adh\u00e9rent absent.<\/p>\n","protected":false},"excerpt":{"rendered":"<p>Bonjour, Voici le contenu des paniers de l\u00e9gumes bio de ce jeudi (les l\u00e9gumes \u00e0 peser par vos soins sont suivis par une *)&nbsp;: Petit panier \u00e0 13,50\u20ac : Grand [&hellip;]<\/p>\n","protected":false},"author":7,"featured_media":0,"comment_status":"closed","ping_status":"closed","sticky":false,"template":"","format":"standard","meta":{"footnotes":""},"categories":[1],"tags":[],"_links":{"self":[{"href":"http:\/\/www.legumesdesjours.fr\/index.php?rest_route=\/wp\/v2\/posts\/4269"}],"collection":[{"href":"http:\/\/www.legumesdesjours.fr\/index.php?rest_route=\/wp\/v2\/posts"}],"about":[{"href":"http:\/\/www.legumesdesjours.fr\/index.php?rest_route=\/wp\/v2\/types\/post"}],"author":[{"embeddable":true,"href":"http:\/\/www.legumesdesjours.fr\/index.php?rest_route=\/wp\/v2\/users\/7"}],"replies":[{"embeddable":true,"href":"http:\/\/www.legumesdesjours.fr\/index.php?rest_route=%2Fwp%2Fv2%2Fcomments&post=4269"}],"version-history":[{"count":1,"href":"http:\/\/www.legumesdesjours.fr\/index.php?rest_route=\/wp\/v2\/posts\/4269\/revisions"}],"predecessor-version":[{"id":4271,"href":"http:\/\/www.legumesdesjours.fr\/index.php?rest_route=\/wp\/v2\/posts\/4269\/revisions\/4271"}],"wp:attachment":[{"href":"http:\/\/www.legumesdesjours.fr\/index.php?rest_route=%2Fwp%2Fv2%2Fmedia&parent=4269"}],"wp:term":[{"taxonomy":"category","embeddable":true,"href":"http:\/\/www.legumesdesjours.fr\/index.php?rest_route=%2Fwp%2Fv2%2Fcategories&post=4269"},{"taxonomy":"post_tag","embeddable":true,"href":"http:\/\/www.legumesdesjours.fr\/index.php?rest_route=%2Fwp%2Fv2%2Ftags&post=4269"}],"curies":[{"name":"wp","href":"https:\/\/api.w.org\/{rel}","templated":true}]}}