{"id":4276,"date":"2026-02-09T15:08:07","date_gmt":"2026-02-09T14:08:07","guid":{"rendered":"http:\/\/www.legumesdesjours.fr\/?p=4276"},"modified":"2026-02-09T15:08:07","modified_gmt":"2026-02-09T14:08:07","slug":"panier-de-legumes-bio-du-jeudi-12-fevrier-2026","status":"publish","type":"post","link":"http:\/\/www.legumesdesjours.fr\/?p=4276","title":{"rendered":"Panier de l\u00e9gumes bio du jeudi 12 f\u00e9vrier 2026"},"content":{"rendered":"\n<figure class=\"wp-block-image size-large\" id=\"block-488f403d-6571-442d-9179-cc97818e41e8\"><img loading=\"lazy\" decoding=\"async\" width=\"768\" height=\"1024\" src=\"http:\/\/www.legumesdesjours.fr\/wp-content\/uploads\/2026\/02\/4125d9c8-8b52-4ce9-a227-0b2152808e21-768x1024.jpg\" alt=\"\" class=\"wp-image-4277\" srcset=\"http:\/\/www.legumesdesjours.fr\/wp-content\/uploads\/2026\/02\/4125d9c8-8b52-4ce9-a227-0b2152808e21-768x1024.jpg 768w, http:\/\/www.legumesdesjours.fr\/wp-content\/uploads\/2026\/02\/4125d9c8-8b52-4ce9-a227-0b2152808e21-225x300.jpg 225w, http:\/\/www.legumesdesjours.fr\/wp-content\/uploads\/2026\/02\/4125d9c8-8b52-4ce9-a227-0b2152808e21-1152x1536.jpg 1152w, http:\/\/www.legumesdesjours.fr\/wp-content\/uploads\/2026\/02\/4125d9c8-8b52-4ce9-a227-0b2152808e21.jpg 1512w\" sizes=\"(max-width: 768px) 100vw, 768px\" \/><\/figure>\n\n\n\n<p id=\"block-4e5260ed-e494-49f3-a79f-27161f9b2ff3\">Bonjour,<\/p>\n\n\n\n<p id=\"block-6a155cf8-9dc1-42c6-acd1-159433839d4b\">Voici le contenu des paniers de l\u00e9gumes bio de ce jeudi (les l\u00e9gumes \u00e0 peser par vos soins sont suivis par une *)&nbsp;:<\/p>\n\n\n\n<p id=\"block-d78a3c3f-be82-4419-b0a6-0a03aa57fa8e\">Petit panier \u00e0 13,50\u20ac :<\/p>\n\n\n\n<ul id=\"block-41d5167d-7e96-4d6e-8902-9e162d0de2ee\">\n<li>900 g de pomme de terre Allians*<\/li>\n\n\n\n<li>800 g de poireau<\/li>\n\n\n\n<li>800 g de carotte rainbow*<\/li>\n\n\n\n<li>700 g d&rsquo;oignon jaune*<\/li>\n\n\n\n<li>300 g d&rsquo;endive<\/li>\n<\/ul>\n\n\n\n<p id=\"block-4a876742-acf4-4d2e-9d61-38048d37b5e1\">Grand panier \u00e0 23\u20ac :<\/p>\n\n\n\n<ul id=\"block-c7f4e746-aa5a-4b7a-bff0-6a70fd1ca7d9\">\n<li>1 kg de pomme de terre Allians*<\/li>\n\n\n\n<li>1 kg de poireau<\/li>\n\n\n\n<li>500 g de carotte rainbow*<\/li>\n\n\n\n<li>1 kg d&rsquo;oignon jaune*<\/li>\n\n\n\n<li>1 chou blanc<\/li>\n\n\n\n<li>1 bouquet de roquette<\/li>\n\n\n\n<li>400 g d&rsquo;endive<\/li>\n<\/ul>\n\n\n\n<p id=\"block-3813b418-1068-42ce-ba5e-6690091df759\"><strong>Jusqu\u2019\u00e0 mercredi matin 7h30<\/strong>, vous pouvez compl\u00e9ter vos paniers avec les fruits et l\u00e9gumes de notre&nbsp;<a href=\"https:\/\/www.auxlegumescelestes.fr\/boutique\/\">boutique en ligne<\/a>&nbsp;: Carotte, poireau, patate douce, potimarron, butternut, orange, cl\u00e9mentine,&#8230;<\/p>\n\n\n\n<p>Mises \u00e0 germer dans le b\u00e2timent depuis No\u00ebl, puis sous les voiles dans la serre \u00e0 plantation, les pommes de terre sont pr\u00eates \u00e0 planter. Nous allons nous y atteler cette semaine, pour pouvoir vous proposer de savoureuses pommes de terre nouvelles d\u00e8s le mois de mai.<\/p>\n\n\n\n<figure class=\"wp-block-image size-large\"><a href=\"http:\/\/www.legumesdesjours.fr\/wp-content\/uploads\/2026\/02\/c52c157f-2bf1-4e66-a0c8-6dac592aa915.jpg\"><img loading=\"lazy\" decoding=\"async\" width=\"771\" height=\"1024\" src=\"http:\/\/www.legumesdesjours.fr\/wp-content\/uploads\/2026\/02\/c52c157f-2bf1-4e66-a0c8-6dac592aa915-771x1024.jpg\" alt=\"\" class=\"wp-image-4278\" srcset=\"http:\/\/www.legumesdesjours.fr\/wp-content\/uploads\/2026\/02\/c52c157f-2bf1-4e66-a0c8-6dac592aa915-771x1024.jpg 771w, http:\/\/www.legumesdesjours.fr\/wp-content\/uploads\/2026\/02\/c52c157f-2bf1-4e66-a0c8-6dac592aa915-226x300.jpg 226w, http:\/\/www.legumesdesjours.fr\/wp-content\/uploads\/2026\/02\/c52c157f-2bf1-4e66-a0c8-6dac592aa915-768x1020.jpg 768w, http:\/\/www.legumesdesjours.fr\/wp-content\/uploads\/2026\/02\/c52c157f-2bf1-4e66-a0c8-6dac592aa915-1157x1536.jpg 1157w, http:\/\/www.legumesdesjours.fr\/wp-content\/uploads\/2026\/02\/c52c157f-2bf1-4e66-a0c8-6dac592aa915.jpg 1536w\" sizes=\"(max-width: 771px) 100vw, 771px\" \/><\/a><\/figure>\n\n\n\n<p id=\"block-fc51c6b1-02ee-44a7-8591-ce31b14460cf\">En fonction des r\u00e9coltes et de la m\u00e9t\u00e9o, le&nbsp;<strong>panier peut \u00eatre modifi\u00e9 au dernier moment<\/strong>. Les l\u00e9gumes sont certifi\u00e9s agriculture biologique et proviennent de la ferme de G\u00e9rald C\u00e9leste et Romain Jerger :&nbsp;<a href=\"http:\/\/www.auxlegumescelestes.fr\/\">Aux L\u00e9gumes C\u00e9lestes<\/a>&nbsp;\u00e0 F\u00e9rolles (45).<\/p>\n\n\n\n<p id=\"block-207249aa-cecc-450d-848b-b03092565f07\">Pensez \u00e0 vous inscrire pour les pes\u00e9es chaque semaine, via le&nbsp;<a href=\"https:\/\/docs.google.com\/spreadsheets\/d\/1MF0QN6os0zZKQGmExd8ozafDsTtf-PCnxIxPN8RV_fw\/edit#gid=0\">planning<\/a>. Nous avons besoin de bras pour peser tous ces l\u00e9gumes ! Merci \u00e0 vous. Aussi, n\u2019oubliez pas de vous rendre sur la&nbsp;<a href=\"http:\/\/www.legumesdesjours.fr\/?page_id=638\">bourse aux paniers<\/a>&nbsp;si vous souhaitez r\u00e9cup\u00e9rer le panier d\u2019un adh\u00e9rent absent.<\/p>\n","protected":false},"excerpt":{"rendered":"<p>Bonjour, Voici le contenu des paniers de l\u00e9gumes bio de ce jeudi (les l\u00e9gumes \u00e0 peser par vos soins sont suivis par une *)&nbsp;: Petit panier \u00e0 13,50\u20ac : Grand [&hellip;]<\/p>\n","protected":false},"author":7,"featured_media":0,"comment_status":"closed","ping_status":"closed","sticky":false,"template":"","format":"standard","meta":{"footnotes":""},"categories":[1],"tags":[],"_links":{"self":[{"href":"http:\/\/www.legumesdesjours.fr\/index.php?rest_route=\/wp\/v2\/posts\/4276"}],"collection":[{"href":"http:\/\/www.legumesdesjours.fr\/index.php?rest_route=\/wp\/v2\/posts"}],"about":[{"href":"http:\/\/www.legumesdesjours.fr\/index.php?rest_route=\/wp\/v2\/types\/post"}],"author":[{"embeddable":true,"href":"http:\/\/www.legumesdesjours.fr\/index.php?rest_route=\/wp\/v2\/users\/7"}],"replies":[{"embeddable":true,"href":"http:\/\/www.legumesdesjours.fr\/index.php?rest_route=%2Fwp%2Fv2%2Fcomments&post=4276"}],"version-history":[{"count":2,"href":"http:\/\/www.legumesdesjours.fr\/index.php?rest_route=\/wp\/v2\/posts\/4276\/revisions"}],"predecessor-version":[{"id":4284,"href":"http:\/\/www.legumesdesjours.fr\/index.php?rest_route=\/wp\/v2\/posts\/4276\/revisions\/4284"}],"wp:attachment":[{"href":"http:\/\/www.legumesdesjours.fr\/index.php?rest_route=%2Fwp%2Fv2%2Fmedia&parent=4276"}],"wp:term":[{"taxonomy":"category","embeddable":true,"href":"http:\/\/www.legumesdesjours.fr\/index.php?rest_route=%2Fwp%2Fv2%2Fcategories&post=4276"},{"taxonomy":"post_tag","embeddable":true,"href":"http:\/\/www.legumesdesjours.fr\/index.php?rest_route=%2Fwp%2Fv2%2Ftags&post=4276"}],"curies":[{"name":"wp","href":"https:\/\/api.w.org\/{rel}","templated":true}]}}