{"id":4285,"date":"2026-02-16T11:45:26","date_gmt":"2026-02-16T10:45:26","guid":{"rendered":"http:\/\/www.legumesdesjours.fr\/?p=4285"},"modified":"2026-02-16T11:49:22","modified_gmt":"2026-02-16T10:49:22","slug":"panier-de-legumes-bio-du-jeudi-19-fevrier-2026","status":"publish","type":"post","link":"http:\/\/www.legumesdesjours.fr\/?p=4285","title":{"rendered":"Panier de l\u00e9gumes bio du jeudi 19 f\u00e9vrier 2026"},"content":{"rendered":"\n<figure class=\"wp-block-image size-large\" id=\"block-488f403d-6571-442d-9179-cc97818e41e8\"><img loading=\"lazy\" decoding=\"async\" width=\"768\" height=\"1024\" src=\"http:\/\/www.legumesdesjours.fr\/wp-content\/uploads\/2026\/02\/WhatsApp-Image-2026-02-16-at-11.26.44-768x1024.jpeg\" alt=\"\" class=\"wp-image-4290\" srcset=\"http:\/\/www.legumesdesjours.fr\/wp-content\/uploads\/2026\/02\/WhatsApp-Image-2026-02-16-at-11.26.44-768x1024.jpeg 768w, http:\/\/www.legumesdesjours.fr\/wp-content\/uploads\/2026\/02\/WhatsApp-Image-2026-02-16-at-11.26.44-225x300.jpeg 225w, http:\/\/www.legumesdesjours.fr\/wp-content\/uploads\/2026\/02\/WhatsApp-Image-2026-02-16-at-11.26.44-1152x1536.jpeg 1152w, http:\/\/www.legumesdesjours.fr\/wp-content\/uploads\/2026\/02\/WhatsApp-Image-2026-02-16-at-11.26.44.jpeg 1512w\" sizes=\"(max-width: 768px) 100vw, 768px\" \/><\/figure>\n\n\n\n<p id=\"block-4e5260ed-e494-49f3-a79f-27161f9b2ff3\">Bonjour,<\/p>\n\n\n\n<p id=\"block-6a155cf8-9dc1-42c6-acd1-159433839d4b\">Voici le contenu des paniers de l\u00e9gumes bio de ce jeudi (les l\u00e9gumes \u00e0 peser par vos soins sont suivis par une *)&nbsp;:<\/p>\n\n\n\n<p id=\"block-d78a3c3f-be82-4419-b0a6-0a03aa57fa8e\">Petit panier \u00e0 13,50\u20ac :<\/p>\n\n\n\n<ul id=\"block-41d5167d-7e96-4d6e-8902-9e162d0de2ee\">\n<li>900 g de pomme de terre Allians*<\/li>\n\n\n\n<li>800 g de poireau<\/li>\n\n\n\n<li>800 g de patate douce<\/li>\n\n\n\n<li>1 radis blue candle<\/li>\n\n\n\n<li>150 g de m\u00e2che<\/li>\n<\/ul>\n\n\n\n<p id=\"block-4a876742-acf4-4d2e-9d61-38048d37b5e1\">Grand panier \u00e0 23\u20ac :<\/p>\n\n\n\n<ul id=\"block-c7f4e746-aa5a-4b7a-bff0-6a70fd1ca7d9\">\n<li>1 kg de pomme de terre Allians*<\/li>\n\n\n\n<li>1 kg de poireau<\/li>\n\n\n\n<li>1 kg de patate douce<\/li>\n\n\n\n<li>1 c\u00e9leri rave<\/li>\n\n\n\n<li>2 radis blue candle<\/li>\n\n\n\n<li>400 g de betterave cuite<\/li>\n\n\n\n<li>200 g de m\u00e2che<\/li>\n<\/ul>\n\n\n\n<p id=\"block-3813b418-1068-42ce-ba5e-6690091df759\"><strong>Jusqu\u2019\u00e0 mercredi matin 7h30<\/strong>, vous pouvez compl\u00e9ter vos paniers avec les fruits et l\u00e9gumes de notre&nbsp;<a href=\"https:\/\/www.auxlegumescelestes.fr\/boutique\/\">boutique en ligne<\/a>&nbsp;: Carotte, poireau, patate douce, potimarron, butternut, orange, cl\u00e9mentine,&#8230;<\/p>\n\n\n\n<p>Comme partout en France, nous subissons des pr\u00e9cipitations importantes et cela commence \u00e0 avoir des cons\u00e9quences pour nous.<br>De l&rsquo;eau s&rsquo;accumule dans les champs, les travaux de r\u00e9colte sont plus compliqu\u00e9s et on ne peut plus m\u00e9caniser la r\u00e9colte de poireaux car les tracteurs ne peuvent pas aller dans les champs remplis d&rsquo;eau. Heureusement, certaines parcelles sem\u00e9es en engrais vert (m\u00e9lange de c\u00e9r\u00e9ales et l\u00e9gumineuses) \u00e0 l&rsquo;automne semblent en meilleur \u00e9tat que celles inond\u00e9es.<br>Nous allons s\u00fbrement prendre du retard en ce d\u00e9but de saison, car habituellement nous commen\u00e7ons \u00e0 faire des semis et plantations dans nos champs \u00e0 cette p\u00e9riode. Nous allons devoir faire preuve de patience !<\/p>\n\n\n\n<div class=\"wp-block-columns is-layout-flex wp-container-core-columns-layout-2 wp-block-columns-is-layout-flex\">\n<div class=\"wp-block-column is-layout-flow wp-block-column-is-layout-flow\" style=\"flex-basis:100%\">\n<div class=\"wp-block-group is-vertical is-layout-flex wp-container-core-group-layout-1 wp-block-group-is-layout-flex\">\n<div class=\"wp-block-columns is-layout-flex wp-container-core-columns-layout-1 wp-block-columns-is-layout-flex\">\n<div class=\"wp-block-column is-layout-flow wp-block-column-is-layout-flow\" style=\"flex-basis:100%\">\n<figure class=\"wp-block-gallery has-nested-images columns-default is-cropped wp-block-gallery-1 is-layout-flex wp-block-gallery-is-layout-flex\">\n<figure class=\"wp-block-image size-large\"><a href=\"http:\/\/www.legumesdesjours.fr\/wp-content\/uploads\/2026\/02\/WhatsApp-Image-2026-02-16-at-10.36.571.jpeg\"><img loading=\"lazy\" decoding=\"async\" width=\"1024\" height=\"768\" src=\"http:\/\/www.legumesdesjours.fr\/wp-content\/uploads\/2026\/02\/WhatsApp-Image-2026-02-16-at-10.36.571-1024x768.jpeg\" alt=\"\" class=\"wp-image-4288\" srcset=\"http:\/\/www.legumesdesjours.fr\/wp-content\/uploads\/2026\/02\/WhatsApp-Image-2026-02-16-at-10.36.571-1024x768.jpeg 1024w, http:\/\/www.legumesdesjours.fr\/wp-content\/uploads\/2026\/02\/WhatsApp-Image-2026-02-16-at-10.36.571-300x225.jpeg 300w, http:\/\/www.legumesdesjours.fr\/wp-content\/uploads\/2026\/02\/WhatsApp-Image-2026-02-16-at-10.36.571-768x576.jpeg 768w, http:\/\/www.legumesdesjours.fr\/wp-content\/uploads\/2026\/02\/WhatsApp-Image-2026-02-16-at-10.36.571-1536x1152.jpeg 1536w, http:\/\/www.legumesdesjours.fr\/wp-content\/uploads\/2026\/02\/WhatsApp-Image-2026-02-16-at-10.36.571.jpeg 2000w\" sizes=\"(max-width: 1024px) 100vw, 1024px\" \/><\/a><\/figure>\n\n\n\n<figure class=\"wp-block-image size-large\"><a href=\"http:\/\/www.legumesdesjours.fr\/wp-content\/uploads\/2026\/02\/WhatsApp-Image-2026-02-16-at-10.36.58.jpeg\"><img loading=\"lazy\" decoding=\"async\" width=\"1024\" height=\"768\" src=\"http:\/\/www.legumesdesjours.fr\/wp-content\/uploads\/2026\/02\/WhatsApp-Image-2026-02-16-at-10.36.58-1024x768.jpeg\" alt=\"\" class=\"wp-image-4287\" srcset=\"http:\/\/www.legumesdesjours.fr\/wp-content\/uploads\/2026\/02\/WhatsApp-Image-2026-02-16-at-10.36.58-1024x768.jpeg 1024w, http:\/\/www.legumesdesjours.fr\/wp-content\/uploads\/2026\/02\/WhatsApp-Image-2026-02-16-at-10.36.58-300x225.jpeg 300w, http:\/\/www.legumesdesjours.fr\/wp-content\/uploads\/2026\/02\/WhatsApp-Image-2026-02-16-at-10.36.58-768x576.jpeg 768w, http:\/\/www.legumesdesjours.fr\/wp-content\/uploads\/2026\/02\/WhatsApp-Image-2026-02-16-at-10.36.58-1536x1152.jpeg 1536w, http:\/\/www.legumesdesjours.fr\/wp-content\/uploads\/2026\/02\/WhatsApp-Image-2026-02-16-at-10.36.58.jpeg 2000w\" sizes=\"(max-width: 1024px) 100vw, 1024px\" \/><\/a><\/figure>\n\n\n\n<figure class=\"wp-block-image size-large\"><a href=\"http:\/\/www.legumesdesjours.fr\/wp-content\/uploads\/2026\/02\/WhatsApp-Image-2026-02-16-at-10.36.59.jpeg\"><img loading=\"lazy\" decoding=\"async\" width=\"1024\" height=\"768\" src=\"http:\/\/www.legumesdesjours.fr\/wp-content\/uploads\/2026\/02\/WhatsApp-Image-2026-02-16-at-10.36.59-1024x768.jpeg\" alt=\"\" class=\"wp-image-4289\" srcset=\"http:\/\/www.legumesdesjours.fr\/wp-content\/uploads\/2026\/02\/WhatsApp-Image-2026-02-16-at-10.36.59-1024x768.jpeg 1024w, http:\/\/www.legumesdesjours.fr\/wp-content\/uploads\/2026\/02\/WhatsApp-Image-2026-02-16-at-10.36.59-300x225.jpeg 300w, http:\/\/www.legumesdesjours.fr\/wp-content\/uploads\/2026\/02\/WhatsApp-Image-2026-02-16-at-10.36.59-768x576.jpeg 768w, http:\/\/www.legumesdesjours.fr\/wp-content\/uploads\/2026\/02\/WhatsApp-Image-2026-02-16-at-10.36.59-1536x1152.jpeg 1536w, http:\/\/www.legumesdesjours.fr\/wp-content\/uploads\/2026\/02\/WhatsApp-Image-2026-02-16-at-10.36.59.jpeg 2000w\" sizes=\"(max-width: 1024px) 100vw, 1024px\" \/><\/a><\/figure>\n<\/figure>\n<\/div>\n<\/div>\n<\/div>\n<\/div>\n<\/div>\n\n\n\n<p id=\"block-fc51c6b1-02ee-44a7-8591-ce31b14460cf\">En fonction des r\u00e9coltes et de la m\u00e9t\u00e9o, le&nbsp;<strong>panier peut \u00eatre modifi\u00e9 au dernier moment<\/strong>. Les l\u00e9gumes sont certifi\u00e9s agriculture biologique et proviennent de la ferme de G\u00e9rald C\u00e9leste et Romain Jerger :&nbsp;<a href=\"http:\/\/www.auxlegumescelestes.fr\/\">Aux L\u00e9gumes C\u00e9lestes<\/a>&nbsp;\u00e0 F\u00e9rolles (45).<\/p>\n\n\n\n<p id=\"block-207249aa-cecc-450d-848b-b03092565f07\">Pensez \u00e0 vous inscrire pour les pes\u00e9es chaque semaine, via le&nbsp;<a href=\"https:\/\/docs.google.com\/spreadsheets\/d\/1MF0QN6os0zZKQGmExd8ozafDsTtf-PCnxIxPN8RV_fw\/edit#gid=0\">planning<\/a>. Nous avons besoin de bras pour peser tous ces l\u00e9gumes ! Merci \u00e0 vous. Aussi, n\u2019oubliez pas de vous rendre sur la&nbsp;<a href=\"http:\/\/www.legumesdesjours.fr\/?page_id=638\">bourse aux paniers<\/a>&nbsp;si vous souhaitez r\u00e9cup\u00e9rer le panier d\u2019un adh\u00e9rent absent.<\/p>\n","protected":false},"excerpt":{"rendered":"<p>Bonjour, Voici le contenu des paniers de l\u00e9gumes bio de ce jeudi (les l\u00e9gumes \u00e0 peser par vos soins sont suivis par une *)&nbsp;: Petit panier \u00e0 13,50\u20ac : Grand [&hellip;]<\/p>\n","protected":false},"author":7,"featured_media":0,"comment_status":"closed","ping_status":"closed","sticky":false,"template":"","format":"standard","meta":{"footnotes":""},"categories":[1],"tags":[],"_links":{"self":[{"href":"http:\/\/www.legumesdesjours.fr\/index.php?rest_route=\/wp\/v2\/posts\/4285"}],"collection":[{"href":"http:\/\/www.legumesdesjours.fr\/index.php?rest_route=\/wp\/v2\/posts"}],"about":[{"href":"http:\/\/www.legumesdesjours.fr\/index.php?rest_route=\/wp\/v2\/types\/post"}],"author":[{"embeddable":true,"href":"http:\/\/www.legumesdesjours.fr\/index.php?rest_route=\/wp\/v2\/users\/7"}],"replies":[{"embeddable":true,"href":"http:\/\/www.legumesdesjours.fr\/index.php?rest_route=%2Fwp%2Fv2%2Fcomments&post=4285"}],"version-history":[{"count":3,"href":"http:\/\/www.legumesdesjours.fr\/index.php?rest_route=\/wp\/v2\/posts\/4285\/revisions"}],"predecessor-version":[{"id":4293,"href":"http:\/\/www.legumesdesjours.fr\/index.php?rest_route=\/wp\/v2\/posts\/4285\/revisions\/4293"}],"wp:attachment":[{"href":"http:\/\/www.legumesdesjours.fr\/index.php?rest_route=%2Fwp%2Fv2%2Fmedia&parent=4285"}],"wp:term":[{"taxonomy":"category","embeddable":true,"href":"http:\/\/www.legumesdesjours.fr\/index.php?rest_route=%2Fwp%2Fv2%2Fcategories&post=4285"},{"taxonomy":"post_tag","embeddable":true,"href":"http:\/\/www.legumesdesjours.fr\/index.php?rest_route=%2Fwp%2Fv2%2Ftags&post=4285"}],"curies":[{"name":"wp","href":"https:\/\/api.w.org\/{rel}","templated":true}]}}