{"id":4310,"date":"2026-03-02T15:11:09","date_gmt":"2026-03-02T14:11:09","guid":{"rendered":"http:\/\/www.legumesdesjours.fr\/?p=4310"},"modified":"2026-03-02T15:11:09","modified_gmt":"2026-03-02T14:11:09","slug":"panier-de-legumes-bio-du-jeudi-5-mars-2026","status":"publish","type":"post","link":"http:\/\/www.legumesdesjours.fr\/?p=4310","title":{"rendered":"Panier de l\u00e9gumes bio du jeudi 5 mars 2026"},"content":{"rendered":"\n<figure class=\"wp-block-image size-large\" id=\"block-0a208b35-daea-4a5a-9abf-ef200b6ae708\"><a href=\"http:\/\/www.legumesdesjours.fr\/wp-content\/uploads\/2026\/03\/7ed88e2b-9e1d-4d46-823a-64829e2e0ecc.jpg\"><img loading=\"lazy\" decoding=\"async\" width=\"768\" height=\"1024\" src=\"http:\/\/www.legumesdesjours.fr\/wp-content\/uploads\/2026\/03\/7ed88e2b-9e1d-4d46-823a-64829e2e0ecc-768x1024.jpg\" alt=\"\" class=\"wp-image-4311\" srcset=\"http:\/\/www.legumesdesjours.fr\/wp-content\/uploads\/2026\/03\/7ed88e2b-9e1d-4d46-823a-64829e2e0ecc-768x1024.jpg 768w, http:\/\/www.legumesdesjours.fr\/wp-content\/uploads\/2026\/03\/7ed88e2b-9e1d-4d46-823a-64829e2e0ecc-225x300.jpg 225w, http:\/\/www.legumesdesjours.fr\/wp-content\/uploads\/2026\/03\/7ed88e2b-9e1d-4d46-823a-64829e2e0ecc-1152x1536.jpg 1152w, http:\/\/www.legumesdesjours.fr\/wp-content\/uploads\/2026\/03\/7ed88e2b-9e1d-4d46-823a-64829e2e0ecc.jpg 1512w\" sizes=\"(max-width: 768px) 100vw, 768px\" \/><\/a><\/figure>\n\n\n\n<p id=\"block-df5972f1-7a22-4e3a-9633-05393a2f599c\">Bonjour,<\/p>\n\n\n\n<p id=\"block-1d7d29af-9866-4f67-9a9c-d8f89a5574d6\">Voici le contenu des paniers de l\u00e9gumes bio de ce jeudi (les l\u00e9gumes \u00e0 peser par vos soins sont suivis par une *)&nbsp;:<\/p>\n\n\n\n<h3 class=\"wp-block-heading\">Petit panier \u00e0 13,50\u20ac<\/h3>\n\n\n\n<ul>\n<li>800 g de pommes de terre Ma\u00efwen*<\/li>\n\n\n\n<li>700 g de poireaux<\/li>\n\n\n\n<li>700 g de patate douce<\/li>\n\n\n\n<li>1 part de radis blue candle<\/li>\n\n\n\n<li>1 bouquet&nbsp;de roquette<\/li>\n\n\n\n<li>1 botte de radis<\/li>\n<\/ul>\n\n\n\n<h3 class=\"wp-block-heading\">Grand panier \u00e0 23\u20ac<\/h3>\n\n\n\n<ul>\n<li>1 kg de pommes de terre Ma\u00efwen*<\/li>\n\n\n\n<li>1 kg de poireaux<\/li>\n\n\n\n<li>1 kg de patate douce<\/li>\n\n\n\n<li>1 part de radis blue candle<\/li>\n\n\n\n<li>200 g d&rsquo;\u00e9chalote<\/li>\n\n\n\n<li>2 bouquet de roquette<\/li>\n\n\n\n<li>1 botte de radis<\/li>\n\n\n\n<li>150 g de m\u00e2che<\/li>\n<\/ul>\n\n\n\n<p id=\"block-53677f23-e9ef-43b3-998d-85a37ac7e349\"><strong>Jusqu\u2019\u00e0 mercredi matin 7h30<\/strong>, vous pouvez compl\u00e9ter vos paniers avec les fruits et l\u00e9gumes de notre\u00a0<a href=\"https:\/\/www.auxlegumescelestes.fr\/boutique\/\">boutique en ligne<\/a>\u00a0: Radis, oignon nouveau, carotte, poireau, patate douce, potimarron, butternut, orange, cl\u00e9mentine,&#8230;<\/p>\n\n\n\n<p>Cette semaine, si le temps le permet et que le soleil se maintient, nous pourrons pr\u00e9parer la terre, semer les carottes et planter les pommes de terre.<br>Le travail de la terre \u00e9tait en effet impossible ces derni\u00e8res semaines tant elle \u00e9tait gorg\u00e9e d&rsquo;eau.<\/p>\n\n\n\n<figure class=\"wp-block-gallery has-nested-images columns-default is-cropped wp-block-gallery-1 is-layout-flex wp-block-gallery-is-layout-flex\">\n<figure class=\"wp-block-image size-large\" id=\"block-292ca64d-0830-431b-895d-3355c24f14b8\"><img loading=\"lazy\" decoding=\"async\" width=\"1024\" height=\"771\" data-id=\"4314\" src=\"http:\/\/www.legumesdesjours.fr\/wp-content\/uploads\/2026\/03\/bbfdef79-e9cf-4d87-b002-af0c4b964173-1024x771.jpg\" alt=\"\" class=\"wp-image-4314\" srcset=\"http:\/\/www.legumesdesjours.fr\/wp-content\/uploads\/2026\/03\/bbfdef79-e9cf-4d87-b002-af0c4b964173-1024x771.jpg 1024w, http:\/\/www.legumesdesjours.fr\/wp-content\/uploads\/2026\/03\/bbfdef79-e9cf-4d87-b002-af0c4b964173-300x226.jpg 300w, http:\/\/www.legumesdesjours.fr\/wp-content\/uploads\/2026\/03\/bbfdef79-e9cf-4d87-b002-af0c4b964173-768x578.jpg 768w, http:\/\/www.legumesdesjours.fr\/wp-content\/uploads\/2026\/03\/bbfdef79-e9cf-4d87-b002-af0c4b964173-1536x1156.jpg 1536w, http:\/\/www.legumesdesjours.fr\/wp-content\/uploads\/2026\/03\/bbfdef79-e9cf-4d87-b002-af0c4b964173.jpg 1600w\" sizes=\"(max-width: 1024px) 100vw, 1024px\" \/><\/figure>\n\n\n\n<figure class=\"wp-block-image size-large\"><a href=\"http:\/\/www.legumesdesjours.fr\/wp-content\/uploads\/2026\/03\/74b2c08b-82fa-4bd0-83a8-aca35065892b.jpg\"><img loading=\"lazy\" decoding=\"async\" width=\"771\" height=\"1024\" data-id=\"4315\" src=\"http:\/\/www.legumesdesjours.fr\/wp-content\/uploads\/2026\/03\/74b2c08b-82fa-4bd0-83a8-aca35065892b-771x1024.jpg\" alt=\"\" class=\"wp-image-4315\" srcset=\"http:\/\/www.legumesdesjours.fr\/wp-content\/uploads\/2026\/03\/74b2c08b-82fa-4bd0-83a8-aca35065892b-771x1024.jpg 771w, http:\/\/www.legumesdesjours.fr\/wp-content\/uploads\/2026\/03\/74b2c08b-82fa-4bd0-83a8-aca35065892b-226x300.jpg 226w, http:\/\/www.legumesdesjours.fr\/wp-content\/uploads\/2026\/03\/74b2c08b-82fa-4bd0-83a8-aca35065892b-768x1021.jpg 768w, http:\/\/www.legumesdesjours.fr\/wp-content\/uploads\/2026\/03\/74b2c08b-82fa-4bd0-83a8-aca35065892b-1156x1536.jpg 1156w, http:\/\/www.legumesdesjours.fr\/wp-content\/uploads\/2026\/03\/74b2c08b-82fa-4bd0-83a8-aca35065892b.jpg 1204w\" sizes=\"(max-width: 771px) 100vw, 771px\" \/><\/a><\/figure>\n<\/figure>\n\n\n\n<p id=\"block-6429ecc9-ff94-42a8-96ba-d76549b9bdac\">En fonction des r\u00e9coltes et de la m\u00e9t\u00e9o, le&nbsp;<strong>panier peut \u00eatre modifi\u00e9 au dernier moment<\/strong>. Les l\u00e9gumes sont certifi\u00e9s agriculture biologique et proviennent de la ferme de G\u00e9rald C\u00e9leste et Romain Jerger :&nbsp;<a href=\"http:\/\/www.auxlegumescelestes.fr\/\">Aux L\u00e9gumes C\u00e9lestes<\/a>&nbsp;\u00e0 F\u00e9rolles (45).<\/p>\n\n\n\n<p id=\"block-0d721a79-3b07-44d1-8a9e-3ac426e3d2b4\">Pensez \u00e0 vous inscrire pour les pes\u00e9es chaque semaine, via le&nbsp;<a href=\"https:\/\/docs.google.com\/spreadsheets\/d\/1MF0QN6os0zZKQGmExd8ozafDsTtf-PCnxIxPN8RV_fw\/edit#gid=0\">planning<\/a>. Nous avons besoin de bras pour peser tous ces l\u00e9gumes ! Merci \u00e0 vous. Aussi, n\u2019oubliez pas de vous rendre sur la&nbsp;<a href=\"http:\/\/www.legumesdesjours.fr\/?page_id=638\">bourse aux paniers<\/a>&nbsp;si vous souhaitez r\u00e9cup\u00e9rer le panier d\u2019un adh\u00e9rent absent.<\/p>\n","protected":false},"excerpt":{"rendered":"<p>Bonjour, Voici le contenu des paniers de l\u00e9gumes bio de ce jeudi (les l\u00e9gumes \u00e0 peser par vos soins sont suivis par une *)&nbsp;: Petit panier \u00e0 13,50\u20ac Grand panier [&hellip;]<\/p>\n","protected":false},"author":7,"featured_media":0,"comment_status":"closed","ping_status":"closed","sticky":false,"template":"","format":"standard","meta":{"footnotes":""},"categories":[1],"tags":[],"_links":{"self":[{"href":"http:\/\/www.legumesdesjours.fr\/index.php?rest_route=\/wp\/v2\/posts\/4310"}],"collection":[{"href":"http:\/\/www.legumesdesjours.fr\/index.php?rest_route=\/wp\/v2\/posts"}],"about":[{"href":"http:\/\/www.legumesdesjours.fr\/index.php?rest_route=\/wp\/v2\/types\/post"}],"author":[{"embeddable":true,"href":"http:\/\/www.legumesdesjours.fr\/index.php?rest_route=\/wp\/v2\/users\/7"}],"replies":[{"embeddable":true,"href":"http:\/\/www.legumesdesjours.fr\/index.php?rest_route=%2Fwp%2Fv2%2Fcomments&post=4310"}],"version-history":[{"count":3,"href":"http:\/\/www.legumesdesjours.fr\/index.php?rest_route=\/wp\/v2\/posts\/4310\/revisions"}],"predecessor-version":[{"id":4316,"href":"http:\/\/www.legumesdesjours.fr\/index.php?rest_route=\/wp\/v2\/posts\/4310\/revisions\/4316"}],"wp:attachment":[{"href":"http:\/\/www.legumesdesjours.fr\/index.php?rest_route=%2Fwp%2Fv2%2Fmedia&parent=4310"}],"wp:term":[{"taxonomy":"category","embeddable":true,"href":"http:\/\/www.legumesdesjours.fr\/index.php?rest_route=%2Fwp%2Fv2%2Fcategories&post=4310"},{"taxonomy":"post_tag","embeddable":true,"href":"http:\/\/www.legumesdesjours.fr\/index.php?rest_route=%2Fwp%2Fv2%2Ftags&post=4310"}],"curies":[{"name":"wp","href":"https:\/\/api.w.org\/{rel}","templated":true}]}}