{"id":4318,"date":"2026-03-10T10:16:03","date_gmt":"2026-03-10T09:16:03","guid":{"rendered":"http:\/\/www.legumesdesjours.fr\/?p=4318"},"modified":"2026-03-10T10:16:03","modified_gmt":"2026-03-10T09:16:03","slug":"panier-de-legumes-bio-du-jeudi-12-mars-2026","status":"publish","type":"post","link":"http:\/\/www.legumesdesjours.fr\/?p=4318","title":{"rendered":"Panier de l\u00e9gumes bio du jeudi 12\u00a0mars 2026"},"content":{"rendered":"\n<figure class=\"wp-block-image size-large\" id=\"block-0a208b35-daea-4a5a-9abf-ef200b6ae708\"><a href=\"http:\/\/www.legumesdesjours.fr\/wp-content\/uploads\/2026\/03\/6cac5ed1-c9e8-4e31-b5de-f883c68e2346.jpg\"><img loading=\"lazy\" decoding=\"async\" width=\"1024\" height=\"768\" src=\"http:\/\/www.legumesdesjours.fr\/wp-content\/uploads\/2026\/03\/6cac5ed1-c9e8-4e31-b5de-f883c68e2346-1024x768.jpg\" alt=\"\" class=\"wp-image-4322\" srcset=\"http:\/\/www.legumesdesjours.fr\/wp-content\/uploads\/2026\/03\/6cac5ed1-c9e8-4e31-b5de-f883c68e2346-1024x768.jpg 1024w, http:\/\/www.legumesdesjours.fr\/wp-content\/uploads\/2026\/03\/6cac5ed1-c9e8-4e31-b5de-f883c68e2346-300x225.jpg 300w, http:\/\/www.legumesdesjours.fr\/wp-content\/uploads\/2026\/03\/6cac5ed1-c9e8-4e31-b5de-f883c68e2346-768x576.jpg 768w, http:\/\/www.legumesdesjours.fr\/wp-content\/uploads\/2026\/03\/6cac5ed1-c9e8-4e31-b5de-f883c68e2346-1536x1152.jpg 1536w, http:\/\/www.legumesdesjours.fr\/wp-content\/uploads\/2026\/03\/6cac5ed1-c9e8-4e31-b5de-f883c68e2346.jpg 2040w\" sizes=\"(max-width: 1024px) 100vw, 1024px\" \/><\/a><\/figure>\n\n\n\n<p id=\"block-df5972f1-7a22-4e3a-9633-05393a2f599c\">Bonjour,<\/p>\n\n\n\n<p id=\"block-1d7d29af-9866-4f67-9a9c-d8f89a5574d6\">Voici le contenu des paniers de l\u00e9gumes bio de ce jeudi (les l\u00e9gumes \u00e0 peser par vos soins sont suivis par une *)&nbsp;:<\/p>\n\n\n\n<h3 class=\"wp-block-heading\">Petit panier \u00e0 13,50\u20ac<\/h3>\n\n\n\n<ul>\n<li>800 g de pommes de terre Ma\u00efwen*<\/li>\n\n\n\n<li>700 g de poireaux<\/li>\n\n\n\n<li>700 g de patate douce<\/li>\n\n\n\n<li>1 part de radis blue candle<\/li>\n\n\n\n<li>1 bouquet&nbsp;de roquette<\/li>\n\n\n\n<li>1 botte de radis<\/li>\n<\/ul>\n\n\n\n<h3 class=\"wp-block-heading\">Grand panier \u00e0 23\u20ac<\/h3>\n\n\n\n<ul>\n<li>1 kg de pommes de terre Ma\u00efwen*<\/li>\n\n\n\n<li>1 kg de poireaux<\/li>\n\n\n\n<li>1 kg de patate douce<\/li>\n\n\n\n<li>1 part de radis blue candle<\/li>\n\n\n\n<li>200 g d&rsquo;\u00e9chalote<\/li>\n\n\n\n<li>2 bouquet de roquette<\/li>\n\n\n\n<li>1 botte de radis<\/li>\n\n\n\n<li>150 g de m\u00e2che<\/li>\n<\/ul>\n\n\n\n<p id=\"block-53677f23-e9ef-43b3-998d-85a37ac7e349\"><strong>Jusqu\u2019\u00e0 mercredi matin 7h30<\/strong>, vous pouvez compl\u00e9ter vos paniers avec les fruits et l\u00e9gumes de notre\u00a0<a href=\"https:\/\/www.auxlegumescelestes.fr\/boutique\/\">boutique en ligne<\/a>\u00a0: Radis, oignon nouveau, carotte, poireau, patate douce, oignon botte, radis botte, orange, cl\u00e9mentine,&#8230;<\/p>\n\n\n\n<p>Ce lundi, toute l&rsquo;\u00e9quipe s&rsquo;est r\u00e9unie pour une journ\u00e9e enti\u00e8re d&rsquo;\u00e9changes \u00e0 Montlouis sur Loire.&nbsp;<br>Au programme, visite guid\u00e9e de la ferme le Biotope, repas convivial dans un petit resto troglodyte et apr\u00e8s-midi r\u00e9union-discussion autour du bilan de l&rsquo;ann\u00e9e 2025, des projets 2026 et des perspectives d&rsquo;am\u00e9lioration \u00e9conomique, ergonomique et agricole. Une journ\u00e9e tr\u00e8s enrichissante, dans une ambiance bien sympathique et sous un beau soleil.<\/p>\n\n\n\n<p>Nous avons profit\u00e9 de cette journ\u00e9e pour fixer la date de nos prochaines portes ouvertes, alors tous \u00e0 vos agendas !!!<\/p>\n\n\n\n<p class=\"has-text-align-center\"><strong>Portes ouvertes le SAMEDI 13 JUIN 2026<\/strong><br>de 14h \u00e0 23h&nbsp;<\/p>\n\n\n\n<figure class=\"wp-block-gallery has-nested-images columns-default is-cropped wp-block-gallery-1 is-layout-flex wp-block-gallery-is-layout-flex\">\n<figure class=\"wp-block-image size-large\" id=\"block-292ca64d-0830-431b-895d-3355c24f14b8\"><img loading=\"lazy\" decoding=\"async\" width=\"771\" height=\"1024\" data-id=\"4319\" src=\"http:\/\/www.legumesdesjours.fr\/wp-content\/uploads\/2026\/03\/66775783-b05a-431a-a34f-8ddd6583c6f4-771x1024.jpg\" alt=\"\" class=\"wp-image-4319\" srcset=\"http:\/\/www.legumesdesjours.fr\/wp-content\/uploads\/2026\/03\/66775783-b05a-431a-a34f-8ddd6583c6f4-771x1024.jpg 771w, http:\/\/www.legumesdesjours.fr\/wp-content\/uploads\/2026\/03\/66775783-b05a-431a-a34f-8ddd6583c6f4-226x300.jpg 226w, http:\/\/www.legumesdesjours.fr\/wp-content\/uploads\/2026\/03\/66775783-b05a-431a-a34f-8ddd6583c6f4-768x1020.jpg 768w, http:\/\/www.legumesdesjours.fr\/wp-content\/uploads\/2026\/03\/66775783-b05a-431a-a34f-8ddd6583c6f4-1157x1536.jpg 1157w, http:\/\/www.legumesdesjours.fr\/wp-content\/uploads\/2026\/03\/66775783-b05a-431a-a34f-8ddd6583c6f4.jpg 1536w\" sizes=\"(max-width: 771px) 100vw, 771px\" \/><\/figure>\n\n\n\n<figure class=\"wp-block-image size-large\"><a href=\"http:\/\/www.legumesdesjours.fr\/wp-content\/uploads\/2026\/03\/8420fb11-ce58-4ae5-8b10-db5187ace915.jpg\"><img loading=\"lazy\" decoding=\"async\" width=\"771\" height=\"1024\" data-id=\"4320\" src=\"http:\/\/www.legumesdesjours.fr\/wp-content\/uploads\/2026\/03\/8420fb11-ce58-4ae5-8b10-db5187ace915-771x1024.jpg\" alt=\"\" class=\"wp-image-4320\" srcset=\"http:\/\/www.legumesdesjours.fr\/wp-content\/uploads\/2026\/03\/8420fb11-ce58-4ae5-8b10-db5187ace915-771x1024.jpg 771w, http:\/\/www.legumesdesjours.fr\/wp-content\/uploads\/2026\/03\/8420fb11-ce58-4ae5-8b10-db5187ace915-226x300.jpg 226w, http:\/\/www.legumesdesjours.fr\/wp-content\/uploads\/2026\/03\/8420fb11-ce58-4ae5-8b10-db5187ace915-768x1020.jpg 768w, http:\/\/www.legumesdesjours.fr\/wp-content\/uploads\/2026\/03\/8420fb11-ce58-4ae5-8b10-db5187ace915-1157x1536.jpg 1157w, http:\/\/www.legumesdesjours.fr\/wp-content\/uploads\/2026\/03\/8420fb11-ce58-4ae5-8b10-db5187ace915.jpg 1536w\" sizes=\"(max-width: 771px) 100vw, 771px\" \/><\/a><\/figure>\n<\/figure>\n\n\n\n<p id=\"block-6429ecc9-ff94-42a8-96ba-d76549b9bdac\">En fonction des r\u00e9coltes et de la m\u00e9t\u00e9o, le&nbsp;<strong>panier peut \u00eatre modifi\u00e9 au dernier moment<\/strong>. Les l\u00e9gumes sont certifi\u00e9s agriculture biologique et proviennent de la ferme de G\u00e9rald C\u00e9leste et Romain Jerger :&nbsp;<a href=\"http:\/\/www.auxlegumescelestes.fr\/\">Aux L\u00e9gumes C\u00e9lestes<\/a>&nbsp;\u00e0 F\u00e9rolles (45).<\/p>\n\n\n\n<p id=\"block-0d721a79-3b07-44d1-8a9e-3ac426e3d2b4\">Pensez \u00e0 vous inscrire pour les pes\u00e9es chaque semaine, via le&nbsp;<a href=\"https:\/\/docs.google.com\/spreadsheets\/d\/1MF0QN6os0zZKQGmExd8ozafDsTtf-PCnxIxPN8RV_fw\/edit#gid=0\">planning<\/a>. Nous avons besoin de bras pour peser tous ces l\u00e9gumes ! Merci \u00e0 vous. Aussi, n\u2019oubliez pas de vous rendre sur la&nbsp;<a href=\"http:\/\/www.legumesdesjours.fr\/?page_id=638\">bourse aux paniers<\/a>&nbsp;si vous souhaitez r\u00e9cup\u00e9rer le panier d\u2019un adh\u00e9rent absent.<\/p>\n","protected":false},"excerpt":{"rendered":"<p>Bonjour, Voici le contenu des paniers de l\u00e9gumes bio de ce jeudi (les l\u00e9gumes \u00e0 peser par vos soins sont suivis par une *)&nbsp;: Petit panier \u00e0 13,50\u20ac Grand panier [&hellip;]<\/p>\n","protected":false},"author":7,"featured_media":0,"comment_status":"closed","ping_status":"closed","sticky":false,"template":"","format":"standard","meta":{"footnotes":""},"categories":[1],"tags":[],"_links":{"self":[{"href":"http:\/\/www.legumesdesjours.fr\/index.php?rest_route=\/wp\/v2\/posts\/4318"}],"collection":[{"href":"http:\/\/www.legumesdesjours.fr\/index.php?rest_route=\/wp\/v2\/posts"}],"about":[{"href":"http:\/\/www.legumesdesjours.fr\/index.php?rest_route=\/wp\/v2\/types\/post"}],"author":[{"embeddable":true,"href":"http:\/\/www.legumesdesjours.fr\/index.php?rest_route=\/wp\/v2\/users\/7"}],"replies":[{"embeddable":true,"href":"http:\/\/www.legumesdesjours.fr\/index.php?rest_route=%2Fwp%2Fv2%2Fcomments&post=4318"}],"version-history":[{"count":1,"href":"http:\/\/www.legumesdesjours.fr\/index.php?rest_route=\/wp\/v2\/posts\/4318\/revisions"}],"predecessor-version":[{"id":4323,"href":"http:\/\/www.legumesdesjours.fr\/index.php?rest_route=\/wp\/v2\/posts\/4318\/revisions\/4323"}],"wp:attachment":[{"href":"http:\/\/www.legumesdesjours.fr\/index.php?rest_route=%2Fwp%2Fv2%2Fmedia&parent=4318"}],"wp:term":[{"taxonomy":"category","embeddable":true,"href":"http:\/\/www.legumesdesjours.fr\/index.php?rest_route=%2Fwp%2Fv2%2Fcategories&post=4318"},{"taxonomy":"post_tag","embeddable":true,"href":"http:\/\/www.legumesdesjours.fr\/index.php?rest_route=%2Fwp%2Fv2%2Ftags&post=4318"}],"curies":[{"name":"wp","href":"https:\/\/api.w.org\/{rel}","templated":true}]}}