{"id":4412,"date":"2026-04-20T13:04:50","date_gmt":"2026-04-20T12:04:50","guid":{"rendered":"http:\/\/www.legumesdesjours.fr\/?p=4412"},"modified":"2026-04-20T13:04:50","modified_gmt":"2026-04-20T12:04:50","slug":"panier-de-legumes-bio-du-jeudi-23-avril-2026","status":"publish","type":"post","link":"http:\/\/www.legumesdesjours.fr\/?p=4412","title":{"rendered":"Panier de l\u00e9gumes bio du jeudi 23\u00a0avril 2026"},"content":{"rendered":"\n<figure class=\"wp-block-image size-large\" id=\"block-0a208b35-daea-4a5a-9abf-ef200b6ae708\"><a href=\"http:\/\/www.legumesdesjours.fr\/wp-content\/uploads\/2026\/04\/WhatsApp-Image-2026-04-20-at-10.52.51.jpeg\"><img loading=\"lazy\" decoding=\"async\" width=\"768\" height=\"1024\" src=\"http:\/\/www.legumesdesjours.fr\/wp-content\/uploads\/2026\/04\/WhatsApp-Image-2026-04-20-at-10.52.51-768x1024.jpeg\" alt=\"\" class=\"wp-image-4413\" srcset=\"http:\/\/www.legumesdesjours.fr\/wp-content\/uploads\/2026\/04\/WhatsApp-Image-2026-04-20-at-10.52.51-768x1024.jpeg 768w, http:\/\/www.legumesdesjours.fr\/wp-content\/uploads\/2026\/04\/WhatsApp-Image-2026-04-20-at-10.52.51-225x300.jpeg 225w, http:\/\/www.legumesdesjours.fr\/wp-content\/uploads\/2026\/04\/WhatsApp-Image-2026-04-20-at-10.52.51-1152x1536.jpeg 1152w, http:\/\/www.legumesdesjours.fr\/wp-content\/uploads\/2026\/04\/WhatsApp-Image-2026-04-20-at-10.52.51.jpeg 1512w\" sizes=\"(max-width: 768px) 100vw, 768px\" \/><\/a><\/figure>\n\n\n\n<p id=\"block-df5972f1-7a22-4e3a-9633-05393a2f599c\">Bonjour,<\/p>\n\n\n\n<p id=\"block-1d7d29af-9866-4f67-9a9c-d8f89a5574d6\">Voici le contenu des paniers de l\u00e9gumes bio de ce jeudi (les l\u00e9gumes \u00e0 peser par vos soins sont suivis par une *)&nbsp;:<\/p>\n\n\n\n<h3 class=\"wp-block-heading\">Petit panier \u00e0 13,50\u20ac<\/h3>\n\n\n\n<ul>\n<li>700 g de pommes de terre Allians *<\/li>\n\n\n\n<li>2 courgettes<\/li>\n\n\n\n<li>300 g d&rsquo;asperges<\/li>\n\n\n\n<li>300 g d&rsquo;\u00e9pinard<\/li>\n\n\n\n<li>1 salade<\/li>\n<\/ul>\n\n\n\n<h3 class=\"wp-block-heading\">Grand panier \u00e0 23\u20ac<\/h3>\n\n\n\n<ul>\n<li>900 g de pommes de terre Allians *<\/li>\n\n\n\n<li>2 courgettes<\/li>\n\n\n\n<li>300 g d&rsquo;asperges<\/li>\n\n\n\n<li>2 choux raves<\/li>\n\n\n\n<li>1 botte de radis<\/li>\n\n\n\n<li>500 g d&rsquo;\u00e9pinard<\/li>\n\n\n\n<li>1 salade<\/li>\n<\/ul>\n\n\n\n<p id=\"block-53677f23-e9ef-43b3-998d-85a37ac7e349\"><strong>Jusqu\u2019\u00e0 jeudi matin 6h00<\/strong> , vous pouvez compl\u00e9ter vos paniers avec les fruits et l\u00e9gumes de notre\u00a0<a href=\"https:\/\/www.auxlegumescelestes.fr\/boutique\/\">boutique en ligne<\/a>\u00a0: Radis, oignon nouveau, carotte, poireau, patate douce, oignon botte, radis botte, orange, cl\u00e9mentine,&#8230;<\/p>\n\n\n\n<p>Avec ce beau temps, nos bonnes fraises sont au rendez-vous ! Elles sont sucr\u00e9es, juteuses et fruit\u00e9es. Nous vous invitons \u00e0 en commander pour pouvoir en profiter !<br>C&rsquo;est aussi le d\u00e9but de la r\u00e9colte de pommes de terre nouvelles. Elles ne sont pas encore dans vos paniers, mais disponible sur la boutique en ligne. Leur peau est toute fine, pas besoin de les \u00e9plucher : lavez-les et mettez les \u00e0 cuire. Un r\u00e9gal !<\/p>\n\n\n\n<figure class=\"wp-block-gallery has-nested-images columns-default is-cropped wp-block-gallery-1 is-layout-flex wp-block-gallery-is-layout-flex\">\n<figure class=\"wp-block-image size-large\" id=\"block-292ca64d-0830-431b-895d-3355c24f14b8\"><img loading=\"lazy\" decoding=\"async\" width=\"771\" height=\"1024\" data-id=\"4414\" src=\"http:\/\/www.legumesdesjours.fr\/wp-content\/uploads\/2026\/04\/WhatsApp-Image-2026-04-17-at-10.06.041-771x1024.jpeg\" alt=\"\" class=\"wp-image-4414\" srcset=\"http:\/\/www.legumesdesjours.fr\/wp-content\/uploads\/2026\/04\/WhatsApp-Image-2026-04-17-at-10.06.041-771x1024.jpeg 771w, http:\/\/www.legumesdesjours.fr\/wp-content\/uploads\/2026\/04\/WhatsApp-Image-2026-04-17-at-10.06.041-226x300.jpeg 226w, http:\/\/www.legumesdesjours.fr\/wp-content\/uploads\/2026\/04\/WhatsApp-Image-2026-04-17-at-10.06.041-768x1020.jpeg 768w, http:\/\/www.legumesdesjours.fr\/wp-content\/uploads\/2026\/04\/WhatsApp-Image-2026-04-17-at-10.06.041-1157x1536.jpeg 1157w, http:\/\/www.legumesdesjours.fr\/wp-content\/uploads\/2026\/04\/WhatsApp-Image-2026-04-17-at-10.06.041.jpeg 1536w\" sizes=\"(max-width: 771px) 100vw, 771px\" \/><\/figure>\n\n\n\n<figure class=\"wp-block-image size-large\"><a href=\"http:\/\/www.legumesdesjours.fr\/wp-content\/uploads\/2026\/04\/WhatsApp-Image-2026-04-20-at-13.22.21.jpeg\"><img loading=\"lazy\" decoding=\"async\" width=\"771\" height=\"1024\" data-id=\"4415\" src=\"http:\/\/www.legumesdesjours.fr\/wp-content\/uploads\/2026\/04\/WhatsApp-Image-2026-04-20-at-13.22.21-771x1024.jpeg\" alt=\"\" class=\"wp-image-4415\" srcset=\"http:\/\/www.legumesdesjours.fr\/wp-content\/uploads\/2026\/04\/WhatsApp-Image-2026-04-20-at-13.22.21-771x1024.jpeg 771w, http:\/\/www.legumesdesjours.fr\/wp-content\/uploads\/2026\/04\/WhatsApp-Image-2026-04-20-at-13.22.21-226x300.jpeg 226w, http:\/\/www.legumesdesjours.fr\/wp-content\/uploads\/2026\/04\/WhatsApp-Image-2026-04-20-at-13.22.21-768x1020.jpeg 768w, http:\/\/www.legumesdesjours.fr\/wp-content\/uploads\/2026\/04\/WhatsApp-Image-2026-04-20-at-13.22.21-1157x1536.jpeg 1157w, http:\/\/www.legumesdesjours.fr\/wp-content\/uploads\/2026\/04\/WhatsApp-Image-2026-04-20-at-13.22.21.jpeg 1536w\" sizes=\"(max-width: 771px) 100vw, 771px\" \/><\/a><\/figure>\n<\/figure>\n\n\n\n<p id=\"block-6429ecc9-ff94-42a8-96ba-d76549b9bdac\">En fonction des r\u00e9coltes et de la m\u00e9t\u00e9o, le&nbsp;<strong>panier peut \u00eatre modifi\u00e9 au dernier moment<\/strong>. Les l\u00e9gumes sont certifi\u00e9s agriculture biologique et proviennent de la ferme de G\u00e9rald C\u00e9leste et Romain Jerger :&nbsp;<a href=\"http:\/\/www.auxlegumescelestes.fr\/\">Aux L\u00e9gumes C\u00e9lestes<\/a>&nbsp;\u00e0 F\u00e9rolles (45).<\/p>\n\n\n\n<p id=\"block-0d721a79-3b07-44d1-8a9e-3ac426e3d2b4\">Pensez \u00e0 vous inscrire pour les pes\u00e9es chaque semaine, via le&nbsp;<a href=\"https:\/\/docs.google.com\/spreadsheets\/d\/1MF0QN6os0zZKQGmExd8ozafDsTtf-PCnxIxPN8RV_fw\/edit#gid=0\">planning<\/a>. Nous avons besoin de bras pour peser tous ces l\u00e9gumes ! Merci \u00e0 vous. Aussi, n\u2019oubliez pas de vous rendre sur la&nbsp;<a href=\"http:\/\/www.legumesdesjours.fr\/?page_id=638\">bourse aux paniers<\/a>&nbsp;si vous souhaitez r\u00e9cup\u00e9rer le panier d\u2019un adh\u00e9rent absent.<\/p>\n","protected":false},"excerpt":{"rendered":"<p>Bonjour, Voici le contenu des paniers de l\u00e9gumes bio de ce jeudi (les l\u00e9gumes \u00e0 peser par vos soins sont suivis par une *)&nbsp;: Petit panier \u00e0 13,50\u20ac Grand panier [&hellip;]<\/p>\n","protected":false},"author":7,"featured_media":0,"comment_status":"closed","ping_status":"closed","sticky":false,"template":"","format":"standard","meta":{"footnotes":""},"categories":[1],"tags":[],"_links":{"self":[{"href":"http:\/\/www.legumesdesjours.fr\/index.php?rest_route=\/wp\/v2\/posts\/4412"}],"collection":[{"href":"http:\/\/www.legumesdesjours.fr\/index.php?rest_route=\/wp\/v2\/posts"}],"about":[{"href":"http:\/\/www.legumesdesjours.fr\/index.php?rest_route=\/wp\/v2\/types\/post"}],"author":[{"embeddable":true,"href":"http:\/\/www.legumesdesjours.fr\/index.php?rest_route=\/wp\/v2\/users\/7"}],"replies":[{"embeddable":true,"href":"http:\/\/www.legumesdesjours.fr\/index.php?rest_route=%2Fwp%2Fv2%2Fcomments&post=4412"}],"version-history":[{"count":1,"href":"http:\/\/www.legumesdesjours.fr\/index.php?rest_route=\/wp\/v2\/posts\/4412\/revisions"}],"predecessor-version":[{"id":4416,"href":"http:\/\/www.legumesdesjours.fr\/index.php?rest_route=\/wp\/v2\/posts\/4412\/revisions\/4416"}],"wp:attachment":[{"href":"http:\/\/www.legumesdesjours.fr\/index.php?rest_route=%2Fwp%2Fv2%2Fmedia&parent=4412"}],"wp:term":[{"taxonomy":"category","embeddable":true,"href":"http:\/\/www.legumesdesjours.fr\/index.php?rest_route=%2Fwp%2Fv2%2Fcategories&post=4412"},{"taxonomy":"post_tag","embeddable":true,"href":"http:\/\/www.legumesdesjours.fr\/index.php?rest_route=%2Fwp%2Fv2%2Ftags&post=4412"}],"curies":[{"name":"wp","href":"https:\/\/api.w.org\/{rel}","templated":true}]}}